{"id":26,"__str__":"Projeto de Lei Ordin\u00e1ria n\u00ba 22 de 2025","link_detail_backend":"/materia/26","metadata":{},"numero":22,"ano":2025,"numero_protocolo":null,"data_apresentacao":"2025-07-01","tipo_apresentacao":"","data_publicacao":null,"numero_origem_externa":"","ano_origem_externa":null,"data_origem_externa":null,"apelido":"","dias_prazo":null,"data_fim_prazo":null,"em_tramitacao":true,"polemica":false,"objeto":"","complementar":false,"ementa":"DISP\u00d5E SOBRE A POL\u00cdTICA P\u00daBLICA MUNICIPAL PARA A GARANTIA, PROTE\u00c7\u00c3O E AMPLIA\u00c7\u00c3O DOS DIREITOS DAS PESSOAS COM TRANSTORNO DO ESPECTRO AUTISTA (TEA) E DA OUTRAS PROVID\u00caNCIAS","indexacao":"","observacao":"","resultado":"","texto_original":"http://sapl.riopreto.mg.leg.br/media/sapl/public/materialegislativa/2025/26/projeto_de_lei_no_022_2025_-_iniciativa_popular.docx","data_ultima_atualizacao":"2025-07-28T10:42:56.506399-03:00","ip":"45.4.191.220","ultima_edicao":"2025-07-28T10:39:25.100359-03:00","tipo":1,"regime_tramitacao":1,"tipo_origem_externa":null,"local_origem_externa":null,"user":2,"anexadas":[],"autores":[]}